{"id":5020,"date":"2022-03-09T20:27:11","date_gmt":"2022-03-09T19:27:11","guid":{"rendered":"https:\/\/rnyobservatory.eu\/web\/?p=5020"},"modified":"2022-03-09T20:27:11","modified_gmt":"2022-03-09T19:27:11","slug":"our-cost-action-ca18213-will-participate-as-speaker-in-the-next-track-in-kick-off-conference","status":"publish","type":"post","link":"https:\/\/rnyobservatory.eu\/web\/2022\/03\/09\/our-cost-action-ca18213-will-participate-as-speaker-in-the-next-track-in-kick-off-conference\/","title":{"rendered":"Our COST Action CA18213 will participate as speaker in the next Track-IN kick-off conference"},"content":{"rendered":"<h1>Our COST Action CA18213 will participate as speaker in the next Track-IN kick-off conference<\/h1>\n<div><strong>Tr@ck-IN project kick-off conference:<br \/>\n<\/strong><strong>Rural NEETs transition to the labour market: The role of Public Employment Services<\/strong><\/p>\n<p><em>ISCTE &#8211; Instituto Universit\u00e1rio de Lisboa<br \/>\nCidade Universit\u00e1ria de Lisboa &#8211; Av. das For\u00e7as Armadas, 1649-026 Lisboa, Portugal\u00a0<\/em><\/div>\n<div><\/div>\n<p>Our colleagues from the EEA Grant Project \u201c<a href=\"https:\/\/www.track-in.eu\/\" target=\"_blank\" rel=\"noopener\">Track-IN: Public employment services tracking effectiness supporting rural NEETs<\/a>\u201d will participate have their first Kick-off conference next 4 and 5 of April 2022 in Lisbon. Our Action will participate in this conference as a expert in one of the sessions.<br \/>\n<!--more--><br \/>\n<a href=\"https:\/\/www.track-in.eu\/lisbon2022.html\"><img decoding=\"async\" data-src=\"https:\/\/mcusercontent.com\/815b2c37259a54d3845ca566c\/images\/db92baee-65f2-a3fe-49b4-7007d10d8bda.png\" width=\"640\" height=\"452\" data-file-id=\"14098108\" src=\"data:image\/svg+xml;base64,PHN2ZyB3aWR0aD0iMSIgaGVpZ2h0PSIxIiB4bWxucz0iaHR0cDovL3d3dy53My5vcmcvMjAwMC9zdmciPjwvc3ZnPg==\" class=\"lazyload\" style=\"--smush-placeholder-width: 640px; --smush-placeholder-aspect-ratio: 640\/452;\" \/><\/a><\/p>\n<p>Please, find here the official website in\u00a0<a href=\"https:\/\/www.track-in.eu\/lisbon2022.html\" target=\"_blank\" rel=\"noopener\">https:\/\/www.track-in.eu\/lisbon2022.html<\/a>\u00a0and the Registration form, both for online and face-to-face attendance.<\/p>\n<p><strong><a href=\"https:\/\/forms.gle\/yEVG1kZaVHAaCZqM6\" target=\"_blank\" rel=\"noopener\">\u00a0 REGISTRATION FORM\u00a0\u00a0<\/a><\/strong><br \/>\nSee you in Lisbon next Apri 2022l!!<\/p>\n<div class=\"pvc_clear\"><\/div>\n<p id=\"pvc_stats_5020\" class=\"pvc_stats total_only  \" data-element-id=\"5020\" style=\"\"><i class=\"pvc-stats-icon medium\" aria-hidden=\"true\"><svg aria-hidden=\"true\" focusable=\"false\" data-prefix=\"far\" data-icon=\"chart-bar\" role=\"img\" xmlns=\"http:\/\/www.w3.org\/2000\/svg\" viewBox=\"0 0 512 512\" class=\"svg-inline--fa fa-chart-bar fa-w-16 fa-2x\"><path fill=\"currentColor\" d=\"M396.8 352h22.4c6.4 0 12.8-6.4 12.8-12.8V108.8c0-6.4-6.4-12.8-12.8-12.8h-22.4c-6.4 0-12.8 6.4-12.8 12.8v230.4c0 6.4 6.4 12.8 12.8 12.8zm-192 0h22.4c6.4 0 12.8-6.4 12.8-12.8V140.8c0-6.4-6.4-12.8-12.8-12.8h-22.4c-6.4 0-12.8 6.4-12.8 12.8v198.4c0 6.4 6.4 12.8 12.8 12.8zm96 0h22.4c6.4 0 12.8-6.4 12.8-12.8V204.8c0-6.4-6.4-12.8-12.8-12.8h-22.4c-6.4 0-12.8 6.4-12.8 12.8v134.4c0 6.4 6.4 12.8 12.8 12.8zM496 400H48V80c0-8.84-7.16-16-16-16H16C7.16 64 0 71.16 0 80v336c0 17.67 14.33 32 32 32h464c8.84 0 16-7.16 16-16v-16c0-8.84-7.16-16-16-16zm-387.2-48h22.4c6.4 0 12.8-6.4 12.8-12.8v-70.4c0-6.4-6.4-12.8-12.8-12.8h-22.4c-6.4 0-12.8 6.4-12.8 12.8v70.4c0 6.4 6.4 12.8 12.8 12.8z\" class=\"\"><\/path><\/svg><\/i> <img decoding=\"async\" width=\"16\" height=\"16\" alt=\"Loading\" data-src=\"https:\/\/rnyobservatory.eu\/web\/wp-content\/plugins\/page-views-count\/ajax-loader-2x.gif\" border=0 src=\"data:image\/svg+xml;base64,PHN2ZyB3aWR0aD0iMSIgaGVpZ2h0PSIxIiB4bWxucz0iaHR0cDovL3d3dy53My5vcmcvMjAwMC9zdmciPjwvc3ZnPg==\" class=\"lazyload\" style=\"--smush-placeholder-width: 16px; --smush-placeholder-aspect-ratio: 16\/16;\" \/><\/p>\n<div class=\"pvc_clear\"><\/div>\n","protected":false},"excerpt":{"rendered":"<p>Our COST Action CA18213 will participate as speaker in the next Track-IN kick-off conference Tr@ck-IN project kick-off conference: Rural NEETs transition to the labour market: The role of Public Employment Services ISCTE &#8211; Instituto Universit\u00e1rio de Lisboa Cidade Universit\u00e1ria de Lisboa &#8211; Av. das For\u00e7as Armadas, 1649-026 Lisboa, Portugal\u00a0 Our colleagues from the EEA Grant Project \u201cTrack-IN: Public employment services tracking effectiness supporting rural NEETs\u201d will participate have their first Kick-off conference next 4 and 5 of April 2022 in&hellip;<\/p>\n<div class=\"pvc_clear\"><\/div>\n<p id=\"pvc_stats_5020\" class=\"pvc_stats total_only  \" data-element-id=\"5020\" style=\"\"><i class=\"pvc-stats-icon medium\" aria-hidden=\"true\"><svg aria-hidden=\"true\" focusable=\"false\" data-prefix=\"far\" data-icon=\"chart-bar\" role=\"img\" xmlns=\"http:\/\/www.w3.org\/2000\/svg\" viewBox=\"0 0 512 512\" class=\"svg-inline--fa fa-chart-bar fa-w-16 fa-2x\"><path fill=\"currentColor\" d=\"M396.8 352h22.4c6.4 0 12.8-6.4 12.8-12.8V108.8c0-6.4-6.4-12.8-12.8-12.8h-22.4c-6.4 0-12.8 6.4-12.8 12.8v230.4c0 6.4 6.4 12.8 12.8 12.8zm-192 0h22.4c6.4 0 12.8-6.4 12.8-12.8V140.8c0-6.4-6.4-12.8-12.8-12.8h-22.4c-6.4 0-12.8 6.4-12.8 12.8v198.4c0 6.4 6.4 12.8 12.8 12.8zm96 0h22.4c6.4 0 12.8-6.4 12.8-12.8V204.8c0-6.4-6.4-12.8-12.8-12.8h-22.4c-6.4 0-12.8 6.4-12.8 12.8v134.4c0 6.4 6.4 12.8 12.8 12.8zM496 400H48V80c0-8.84-7.16-16-16-16H16C7.16 64 0 71.16 0 80v336c0 17.67 14.33 32 32 32h464c8.84 0 16-7.16 16-16v-16c0-8.84-7.16-16-16-16zm-387.2-48h22.4c6.4 0 12.8-6.4 12.8-12.8v-70.4c0-6.4-6.4-12.8-12.8-12.8h-22.4c-6.4 0-12.8 6.4-12.8 12.8v70.4c0 6.4 6.4 12.8 12.8 12.8z\" class=\"\"><\/path><\/svg><\/i> <img decoding=\"async\" width=\"16\" height=\"16\" alt=\"Loading\" data-src=\"https:\/\/rnyobservatory.eu\/web\/wp-content\/plugins\/page-views-count\/ajax-loader-2x.gif\" border=0 src=\"data:image\/svg+xml;base64,PHN2ZyB3aWR0aD0iMSIgaGVpZ2h0PSIxIiB4bWxucz0iaHR0cDovL3d3dy53My5vcmcvMjAwMC9zdmciPjwvc3ZnPg==\" class=\"lazyload\" style=\"--smush-placeholder-width: 16px; --smush-placeholder-aspect-ratio: 16\/16;\" \/><\/p>\n<div class=\"pvc_clear\"><\/div>\n","protected":false},"author":1,"featured_media":0,"comment_status":"open","ping_status":"open","sticky":false,"template":"","format":"standard","meta":{"om_disable_all_campaigns":false,"_monsterinsights_skip_tracking":false,"_monsterinsights_sitenote_active":false,"_monsterinsights_sitenote_note":"","_monsterinsights_sitenote_category":0,"_EventAllDay":false,"_EventTimezone":"","_EventStartDate":"","_EventEndDate":"","_EventStartDateUTC":"","_EventEndDateUTC":"","_EventShowMap":false,"_EventShowMapLink":false,"_EventURL":"","_EventCost":"","_EventCostDescription":"","_EventCurrencySymbol":"","_EventCurrencyCode":"","_EventCurrencyPosition":"","_EventDateTimeSeparator":"","_EventTimeRangeSeparator":"","_EventOrganizerID":[],"_EventVenueID":[],"_OrganizerEmail":"","_OrganizerPhone":"","_OrganizerWebsite":"","_VenueAddress":"","_VenueCity":"","_VenueCountry":"","_VenueProvince":"","_VenueState":"","_VenueZip":"","_VenuePhone":"","_VenueURL":"","_VenueStateProvince":"","_VenueLat":"","_VenueLng":"","_VenueShowMap":false,"_VenueShowMapLink":false,"two_page_speed":[],"footnotes":""},"categories":[26],"tags":[],"class_list":["post-5020","post","type-post","status-publish","format-standard","hentry","category-news"],"_links":{"self":[{"href":"https:\/\/rnyobservatory.eu\/web\/wp-json\/wp\/v2\/posts\/5020","targetHints":{"allow":["GET"]}}],"collection":[{"href":"https:\/\/rnyobservatory.eu\/web\/wp-json\/wp\/v2\/posts"}],"about":[{"href":"https:\/\/rnyobservatory.eu\/web\/wp-json\/wp\/v2\/types\/post"}],"author":[{"embeddable":true,"href":"https:\/\/rnyobservatory.eu\/web\/wp-json\/wp\/v2\/users\/1"}],"replies":[{"embeddable":true,"href":"https:\/\/rnyobservatory.eu\/web\/wp-json\/wp\/v2\/comments?post=5020"}],"version-history":[{"count":2,"href":"https:\/\/rnyobservatory.eu\/web\/wp-json\/wp\/v2\/posts\/5020\/revisions"}],"predecessor-version":[{"id":5023,"href":"https:\/\/rnyobservatory.eu\/web\/wp-json\/wp\/v2\/posts\/5020\/revisions\/5023"}],"wp:attachment":[{"href":"https:\/\/rnyobservatory.eu\/web\/wp-json\/wp\/v2\/media?parent=5020"}],"wp:term":[{"taxonomy":"category","embeddable":true,"href":"https:\/\/rnyobservatory.eu\/web\/wp-json\/wp\/v2\/categories?post=5020"},{"taxonomy":"post_tag","embeddable":true,"href":"https:\/\/rnyobservatory.eu\/web\/wp-json\/wp\/v2\/tags?post=5020"}],"curies":[{"name":"wp","href":"https:\/\/api.w.org\/{rel}","templated":true}]}}